{"id":2103,"date":"2024-11-30T12:00:46","date_gmt":"2024-11-30T05:30:46","guid":{"rendered":"https:\/\/ambyangon.esteri.it\/?p=2103"},"modified":"2024-11-26T16:12:54","modified_gmt":"2024-11-26T09:42:54","slug":"yangon-lambasciata-ditalia-inaugura-la-prima-retrospettiva-sul-fotografo-felice-beato-in-myanmar","status":"publish","type":"post","link":"https:\/\/ambyangon.esteri.it\/it\/news\/dall_ambasciata\/2024\/11\/yangon-lambasciata-ditalia-inaugura-la-prima-retrospettiva-sul-fotografo-felice-beato-in-myanmar\/","title":{"rendered":"Yangon: l\u2019Ambasciata d\u2019Italia inaugura la prima retrospettiva sul fotografo Felice Beato in Myanmar"},"content":{"rendered":"<p>\u00c8\u00a0stata inaugurata sabato 30 novembre a Yangon la mostra \u201c<em>Rethink Beato: from Italy to Burma (1832-1909)<\/em>\u201d, realizzata dall\u2019Ambasciata d\u2019Italia in collaborazione con Myanmar Photo Archive. Attraverso le sue opere, la mostra ripercorre le orme di Felice Beato, il fotografo di origine italiana che ha immortalato lo spirito del Myanmar durante il suo soggiorno a Mandalay dal 1887 al 1905. Le potenti immagini catturate dal suo obiettivo in Birmania e in altri Paesi permetteranno ai visitatori di fare un salto indietro nel tempo, alla scoperta della sua intrigante vita e della sua eredit\u00e0.<\/p>\n<p>Avventuriero, eterno vagabondo, esploratore e imprenditore geniale, Beato \u00e8 stato uno dei pi\u00f9 talentuosi pionieri della nascente arte fotografica e ha avuto il dono di anticipare le infinite possibilit\u00e0 aperte dalla globalizzazione del XIX secolo. Durante le sue peregrinazioni tra il Vicino e l\u2019Estremo Oriente, Beato ha documentato fatti storici come la guerra di Crimea nel 1855, la rivolta indiana del 1857, la Seconda Guerra dell\u2019Oppio in Cina, la spedizione navale degli Stati Uniti in Corea nel 1871 e la colonizzazione britannica in Birmania, anticipando il destino della fotografia di diventare, al tempo stesso, lo strumento pi\u00f9 potente per testimoniare la verit\u00e0 e per costruire la propaganda in tempo di guerra. Con la sua intuizione di preparare album fotografici completi di \u00abvedute e tipi\u00bb giapponesi prima e poi birmani, che venivano spediti per posta in tutto il mondo, ha alimentato non solo la voglia di esoticismo dell\u2019Occidente, ma anche lo speculare desiderio delle classi abbienti giapponesi e birmane di essere immortalate attraverso l\u2019innovativo strumento occidentale della fotografia.<\/p>\n<p>La mostra \u201c<em>Rethink Beato<\/em>\u201d si propone di offrire al pubblico spunti di riflessione su questa figura cos\u00ec complessa e a tratti misteriosa e di illustrare il suo ruolo nella creazione di un\u2019idea della Birmania che, per quanto oggi possa essere considerata stereotipata, rappresenta ancora un tassello dell\u2019immaginario collettivo e della memoria del Myanmar. La bellezza dei suoi ritratti, dopo oltre un secolo, rivela un amore e un\u2019ammirazione per il Paese e il popolo che Beato ha incontrato nell\u2019ultimo tratto della sua lunga e straordinaria carriera.<\/p>\n<p>\u201c<em>Nel presentare in Myanmar il corpus fotografico di Beato<\/em> \u2013 ha spiegato Nicol\u00f2 Tassoni Estense, Capo Missione dall\u2019Ambasciata d\u2019Italia a Yangon \u2013 <em>intendiamo contribuire allo sforzo complessivo di Myanmar Photo Archive e di varie altre istituzioni private e cittadini di preservare, promuovere e trasmettere la Memoria. Si tratta di uno sforzo tanto pi\u00f9 importante, in quanto la frammentata e tormentata storia del Paese ha reso difficoltoso restituire al popolo birmano un senso di appropriazione del proprio passato. Riuscire a integrare con sguardo critico i vari passaggi della storia \u00e8, in Myanmar come altrove, un modo per sedimentare un\u2019identit\u00e0 pi\u00f9 solida, consapevole e ricca<\/em>\u201d.<\/p>\n<p>\u201c<em>La mostra<\/em> \u2013 ha proseguito Tassoni \u2013 <em>costituisce il primo tassello di uno sforzo dell\u2019Ambasciata volto a raccogliere le storie degli italiani in Birmania attraverso i secoli, con l\u2019obiettivo di testimoniarne e documentarne le vicende spesso poco conosciute, ma particolarmente significative per gli scambi culturali tra Myanmar, Italia ed Europa. Questo progetto si inquadra nel pi\u00f9 ampio programma del Ministero degli Affari Esteri e della Cooperazione Internazionale di racconto e valorizzazione delle figure italiane all\u2019estero pi\u00f9 significative<\/em>\u201d.<\/p>\n<p>\u201cRethink Beato\u201d sar\u00e0 aperta al pubblico presso Turquoise Mountain (47B Pho Sein Street, Bahan Township, Yangon) da sabato 30 novembre 2024 a domenica 15 dicembre 2024, dalle 11:00 alle 18:00. Il catalogo della mostra sar\u00e0 prossimamente distribuito in Myanmar e in Europa.<\/p>\n","protected":false},"excerpt":{"rendered":"\u00c8\u00a0stata inaugurata sabato 30 novembre a Yangon la mostra \u201cRethink Beato: from Italy to Burma (1832-1909)\u201d, realizzata dall\u2019Ambasciata d\u2019Italia in collaborazione con Myanmar Photo Archive. Attraverso le sue opere, la mostra ripercorre le orme di Felice Beato, il fotografo di origine italiana che ha immortalato lo spirito del Myanmar durante il suo soggiorno a Mandalay [&hellip;]","protected":false},"author":4,"featured_media":2107,"comment_status":"closed","ping_status":"closed","sticky":false,"template":"","format":"standard","meta":{"footnotes":""},"tags":[7,12],"class_list":["post-2103","post","type-post","status-publish","format-standard","has-post-thumbnail","hentry","tag-diplomazia-culturale","tag-italiani-nel-mondo"],"_links":{"self":[{"href":"https:\/\/ambyangon.esteri.it\/it\/wp-json\/wp\/v2\/posts\/2103","targetHints":{"allow":["GET"]}}],"collection":[{"href":"https:\/\/ambyangon.esteri.it\/it\/wp-json\/wp\/v2\/posts"}],"about":[{"href":"https:\/\/ambyangon.esteri.it\/it\/wp-json\/wp\/v2\/types\/post"}],"author":[{"embeddable":true,"href":"https:\/\/ambyangon.esteri.it\/it\/wp-json\/wp\/v2\/users\/4"}],"replies":[{"embeddable":true,"href":"https:\/\/ambyangon.esteri.it\/it\/wp-json\/wp\/v2\/comments?post=2103"}],"version-history":[{"count":2,"href":"https:\/\/ambyangon.esteri.it\/it\/wp-json\/wp\/v2\/posts\/2103\/revisions"}],"predecessor-version":[{"id":2121,"href":"https:\/\/ambyangon.esteri.it\/it\/wp-json\/wp\/v2\/posts\/2103\/revisions\/2121"}],"wp:featuredmedia":[{"embeddable":true,"href":"https:\/\/ambyangon.esteri.it\/it\/wp-json\/wp\/v2\/media\/2107"}],"wp:attachment":[{"href":"https:\/\/ambyangon.esteri.it\/it\/wp-json\/wp\/v2\/media?parent=2103"}],"wp:term":[{"taxonomy":"post_tag","embeddable":true,"href":"https:\/\/ambyangon.esteri.it\/it\/wp-json\/wp\/v2\/tags?post=2103"}],"curies":[{"name":"wp","href":"https:\/\/api.w.org\/{rel}","templated":true}]}}