{"id":2219,"date":"2025-02-23T23:59:09","date_gmt":"2025-02-23T17:29:09","guid":{"rendered":"https:\/\/ambyangon.esteri.it\/news\/dall_ambasciata\/2025\/02\/culture-heritage-and-art-fair-by-italy\/"},"modified":"2025-02-25T13:39:57","modified_gmt":"2025-02-25T07:09:57","slug":"culture-heritage-and-art-fair-by-italy","status":"publish","type":"post","link":"https:\/\/ambyangon.esteri.it\/it\/news\/dall_ambasciata\/2025\/02\/culture-heritage-and-art-fair-by-italy\/","title":{"rendered":"Culture, Heritage, and Art Fair by Italy"},"content":{"rendered":"<p>Domenica 23 febbraio l\u2019Ambasciata d\u2019Italia a Yangon ha organizzato\u00a0la prima \u201c<strong>Culture, Heritage, Art Fair by Italy<\/strong>\u201d, grande rassegna e vetrina di promozione culturale dell\u2019Italia in Myanmar e piattaforma di scambio con artisti e industrie culturali locali.<\/p>\n<p>Nell\u2019arco di un intera giornata, l\u2019evento ha permesso di presentare al pubblico birmano diverse sfaccettature del patrimonio artistico e culturale italiano. Sono state\u00a0aperte contemporaneamente le mostre \u201cUnder the Italian Sun\u201d, \u201cAn Artist\u2019s Eye, Italy through the travel sketchbooks of Stefano Faravelli\u201d ed \u00e8 stata riproposta la mostra \u201cPiazze Invisibili\u201d: un trittico mirato a proporre uno sguardo alternativo e una modalit\u00e0 \u201clenta\u201d di viaggio attraverso le bellezze artistiche del nostro Paese. Inoltre, l\u2019evento \u00e8 stato animato da numerose attivit\u00e0 rivolte ad una platea diversificata: \u00e8 stata presentata la Children Illustration Bookfair di Bologna, sono stati assegnati i premi di un concorso di illustrazione per bambini promosso dall\u2019Ambasciata e ispirato ad Italo Calvino e durante la serata sono stati ospitati dei concerti di musica classica italiana e di musica jazz con canzoni italiane e strumenti tradizionali birmani. La Fiera ha infine dato spazio a iniziative e incontri dedicati al restauro del patrimonio artistico e alla valorizzazione urbana e del patrimonio immateriale.<\/p>\n<p>\u00abNel contesto di prolungata crisi che attraversa il Myanmar, abbiamo voluto creare un evento che rappresentasse una finestra sulla cultura italiana e una piattaforma di scambio con gli artisti ed operatori culturali in loco, consapevoli dell\u2019importanza di sostenere concretamente e con appositi spazi di espressione la societ\u00e0 civile locale\u00bb ha dichiarato il Capo Missione Nicol\u00f2 Tassoni Estense. \u00abCon questa rassegna, l\u2019Ambasciata d\u2019Italia si conferma sempre di pi\u00f9 \u2013 fra le Ambasciate qui presenti \u2013 quale\u00a0principale punto di riferimento e partner per il mondo della cultura birmano\u00bb.<\/p>\n<p>&nbsp;<\/p>\n","protected":false},"excerpt":{"rendered":"Domenica 23 febbraio l\u2019Ambasciata d\u2019Italia a Yangon ha organizzato\u00a0la prima \u201cCulture, Heritage, Art Fair by Italy\u201d, grande rassegna e vetrina di promozione culturale dell\u2019Italia in Myanmar e piattaforma di scambio con artisti e industrie culturali locali. Nell\u2019arco di un intera giornata, l\u2019evento ha permesso di presentare al pubblico birmano diverse sfaccettature del patrimonio artistico e [&hellip;]","protected":false},"author":9,"featured_media":2217,"comment_status":"closed","ping_status":"closed","sticky":false,"template":"","format":"standard","meta":{"footnotes":""},"tags":[7],"class_list":["post-2219","post","type-post","status-publish","format-standard","has-post-thumbnail","hentry","tag-diplomazia-culturale"],"_links":{"self":[{"href":"https:\/\/ambyangon.esteri.it\/it\/wp-json\/wp\/v2\/posts\/2219","targetHints":{"allow":["GET"]}}],"collection":[{"href":"https:\/\/ambyangon.esteri.it\/it\/wp-json\/wp\/v2\/posts"}],"about":[{"href":"https:\/\/ambyangon.esteri.it\/it\/wp-json\/wp\/v2\/types\/post"}],"author":[{"embeddable":true,"href":"https:\/\/ambyangon.esteri.it\/it\/wp-json\/wp\/v2\/users\/9"}],"replies":[{"embeddable":true,"href":"https:\/\/ambyangon.esteri.it\/it\/wp-json\/wp\/v2\/comments?post=2219"}],"version-history":[{"count":4,"href":"https:\/\/ambyangon.esteri.it\/it\/wp-json\/wp\/v2\/posts\/2219\/revisions"}],"predecessor-version":[{"id":2243,"href":"https:\/\/ambyangon.esteri.it\/it\/wp-json\/wp\/v2\/posts\/2219\/revisions\/2243"}],"wp:featuredmedia":[{"embeddable":true,"href":"https:\/\/ambyangon.esteri.it\/it\/wp-json\/wp\/v2\/media\/2217"}],"wp:attachment":[{"href":"https:\/\/ambyangon.esteri.it\/it\/wp-json\/wp\/v2\/media?parent=2219"}],"wp:term":[{"taxonomy":"post_tag","embeddable":true,"href":"https:\/\/ambyangon.esteri.it\/it\/wp-json\/wp\/v2\/tags?post=2219"}],"curies":[{"name":"wp","href":"https:\/\/api.w.org\/{rel}","templated":true}]}}